{"id":3323,"date":"2023-10-08T20:18:12","date_gmt":"2023-10-08T21:18:12","guid":{"rendered":"https:\/\/www.compagniateatronest.it\/site\/?p=3323"},"modified":"2024-10-08T13:02:04","modified_gmt":"2024-10-08T14:02:04","slug":"16-e-17-dicembre-2023-il-bambino-invisibile","status":"publish","type":"post","link":"https:\/\/www.compagniateatronest.it\/site\/16-e-17-dicembre-2023-il-bambino-invisibile\/","title":{"rendered":"16 e 17 dicembre 2023 \/ Il bambino invisibile"},"content":{"rendered":"\t\t<div data-elementor-type=\"wp-post\" data-elementor-id=\"3323\" class=\"elementor elementor-3323\">\n\t\t\t\t\t\t\t<div class=\"elementor-element elementor-element-62d5a64 e-con-full e-flex e-con e-parent\" data-id=\"62d5a64\" data-element_type=\"container\" data-settings=\"{&quot;content_width&quot;:&quot;full&quot;}\" data-core-v316-plus=\"true\">\n\t\t\t\t<div class=\"elementor-element elementor-element-488c418 elementor-widget elementor-widget-heading\" data-id=\"488c418\" data-element_type=\"widget\" data-widget_type=\"heading.default\">\n\t\t\t\t<div class=\"elementor-widget-container\">\n\t\t\t<style>\/*! elementor - v3.16.0 - 20-09-2023 *\/\n.elementor-heading-title{padding:0;margin:0;line-height:1}.elementor-widget-heading .elementor-heading-title[class*=elementor-size-]>a{color:inherit;font-size:inherit;line-height:inherit}.elementor-widget-heading .elementor-heading-title.elementor-size-small{font-size:15px}.elementor-widget-heading .elementor-heading-title.elementor-size-medium{font-size:19px}.elementor-widget-heading .elementor-heading-title.elementor-size-large{font-size:29px}.elementor-widget-heading .elementor-heading-title.elementor-size-xl{font-size:39px}.elementor-widget-heading .elementor-heading-title.elementor-size-xxl{font-size:59px}<\/style><h2 class=\"elementor-heading-title elementor-size-default\">IL BAMBINO INVISIBILE<\/h2><style id=\"core-488c418-core-block-supports-inline-css\"><\/style>\t\t<\/div>\n\t\t\t\t<\/div>\n\t\t\t\t<div class=\"elementor-element elementor-element-5ee6191 elementor-widget elementor-widget-text-editor\" data-id=\"5ee6191\" data-element_type=\"widget\" data-widget_type=\"text-editor.default\">\n\t\t\t\t<div class=\"elementor-widget-container\">\n\t\t\t<style>\/*! elementor - v3.16.0 - 20-09-2023 *\/\n.elementor-widget-text-editor.elementor-drop-cap-view-stacked .elementor-drop-cap{background-color:#69727d;color:#fff}.elementor-widget-text-editor.elementor-drop-cap-view-framed .elementor-drop-cap{color:#69727d;border:3px solid;background-color:transparent}.elementor-widget-text-editor:not(.elementor-drop-cap-view-default) .elementor-drop-cap{margin-top:8px}.elementor-widget-text-editor:not(.elementor-drop-cap-view-default) .elementor-drop-cap-letter{width:1em;height:1em}.elementor-widget-text-editor .elementor-drop-cap{float:left;text-align:center;line-height:1;font-size:50px}.elementor-widget-text-editor .elementor-drop-cap-letter{display:inline-block}<\/style>\t\t\t\t<p style=\"text-align: left;\"><b>da un\u2019idea di <\/b><span style=\"font-weight: 400;\">Daniele Vicorito<\/span> <b><br \/><\/b><b>con <\/b><span style=\"font-weight: 400;\">Daniele Vicorito<\/span> <b><br \/><\/b><b>drammaturgia <\/b><span style=\"font-weight: 400;\">Bruno Barone e Daniele Vicorito<\/span> <b><br \/><\/b><b>musiche originali <\/b><span style=\"font-weight: 400;\">Tommaso Maione<\/span> <b><br \/><\/b><b>collaboratore di scena <\/b><span style=\"font-weight: 400;\">Gennaro Piccirillo<\/span><b><br \/><\/b><b> luci <\/b><span style=\"font-weight: 400;\">Antonio Minichini<\/span> <b><br \/><\/b><b>regia <\/b><span style=\"font-weight: 400;\">Bruno Barone<\/span> <b><br \/><\/b><b>cura artistica e produzione <\/b><span style=\"font-weight: 400;\">Scuola Elementare del Teatro &#8211; conservatorio popolare per le arti della scena<\/span><b><br \/><\/b><b> ideato e diretto da <\/b><span style=\"font-weight: 400;\">Davide Iodice <\/span><b><br \/><\/b><b>con la collaborazione di <\/b><span style=\"font-weight: 400;\">guide e tutor della Scuola Elementare del Teatro Aps<\/span><\/p>\t\t\t\t<style id=\"core-5ee6191-core-block-supports-inline-css\"><\/style>\t\t<\/div>\n\t\t\t\t<\/div>\n\t\t\t\t<div class=\"elementor-element elementor-element-06a7cd8 elementor-align-center elementor-widget elementor-widget-button\" data-id=\"06a7cd8\" data-element_type=\"widget\" data-widget_type=\"button.default\">\n\t\t\t\t<div class=\"elementor-widget-container\">\n\t\t\t\t\t<div class=\"elementor-button-wrapper\">\n\t\t\t<a class=\"elementor-button elementor-button-link elementor-size-sm\" href=\"https:\/\/www.liveticket.it\/evento.aspx?Id=454189\">\n\t\t\t\t\t\t<span class=\"elementor-button-content-wrapper\">\n\t\t\t\t\t\t<span class=\"elementor-button-text\">16 dicembre 2023 \/ ore 21 \/ acquista il biglietto su liveticket<\/span>\n\t\t<\/span>\n\t\t\t\t\t<\/a>\n\t\t<\/div>\n\t\t<style id=\"core-06a7cd8-core-block-supports-inline-css\"><\/style>\t\t<\/div>\n\t\t\t\t<\/div>\n\t\t\t\t<div class=\"elementor-element elementor-element-e130568 elementor-align-center elementor-widget elementor-widget-button\" data-id=\"e130568\" data-element_type=\"widget\" data-widget_type=\"button.default\">\n\t\t\t\t<div class=\"elementor-widget-container\">\n\t\t\t\t\t<div class=\"elementor-button-wrapper\">\n\t\t\t<a class=\"elementor-button elementor-button-link elementor-size-sm\" href=\"https:\/\/www.liveticket.it\/evento.aspx?Id=454190\">\n\t\t\t\t\t\t<span class=\"elementor-button-content-wrapper\">\n\t\t\t\t\t\t<span class=\"elementor-button-text\">17 dicembre 2023 \/ ore 18 \/ acquista il biglietto su liveticket<\/span>\n\t\t<\/span>\n\t\t\t\t\t<\/a>\n\t\t<\/div>\n\t\t<style id=\"core-e130568-core-block-supports-inline-css\"><\/style>\t\t<\/div>\n\t\t\t\t<\/div>\n\t\t\t\t<\/div>\n\t\t<div class=\"elementor-element elementor-element-fb7bf1a e-con-full e-flex e-con e-parent\" data-id=\"fb7bf1a\" data-element_type=\"container\" data-settings=\"{&quot;content_width&quot;:&quot;full&quot;}\" data-core-v316-plus=\"true\">\n\t\t\t\t<div class=\"elementor-element elementor-element-32dc751 elementor-widget elementor-widget-image\" data-id=\"32dc751\" data-element_type=\"widget\" data-widget_type=\"image.default\">\n\t\t\t\t<div class=\"elementor-widget-container\">\n\t\t\t<style>\/*! elementor - v3.16.0 - 20-09-2023 *\/\n.elementor-widget-image{text-align:center}.elementor-widget-image a{display:inline-block}.elementor-widget-image a img[src$=\".svg\"]{width:48px}.elementor-widget-image img{vertical-align:middle;display:inline-block}<\/style>\t\t\t\t\t\t\t\t\t\t\t\t<img loading=\"lazy\" decoding=\"async\" width=\"300\" height=\"300\" src=\"https:\/\/www.compagniateatronest.it\/site\/wp-content\/uploads\/2023\/10\/iL-BAMBINO-INVISIBILE-300x300.jpg\" class=\"attachment-medium size-medium wp-image-3325\" alt=\"iL BAMBINO INVISIBILE\" srcset=\"https:\/\/www.compagniateatronest.it\/site\/wp-content\/uploads\/2023\/10\/iL-BAMBINO-INVISIBILE-300x300.jpg 300w, https:\/\/www.compagniateatronest.it\/site\/wp-content\/uploads\/2023\/10\/iL-BAMBINO-INVISIBILE-150x150.jpg 150w, https:\/\/www.compagniateatronest.it\/site\/wp-content\/uploads\/2023\/10\/iL-BAMBINO-INVISIBILE-768x768.jpg 768w, https:\/\/www.compagniateatronest.it\/site\/wp-content\/uploads\/2023\/10\/iL-BAMBINO-INVISIBILE.jpg 800w\" sizes=\"auto, (max-width: 300px) 100vw, 300px\" \/>\t\t\t\t\t\t\t\t\t\t\t\t\t<style id=\"core-32dc751-core-block-supports-inline-css\"><\/style>\t\t<\/div>\n\t\t\t\t<\/div>\n\t\t\t\t<div class=\"elementor-element elementor-element-590c654 elementor-widget elementor-widget-text-editor\" data-id=\"590c654\" data-element_type=\"widget\" data-widget_type=\"text-editor.default\">\n\t\t\t\t<div class=\"elementor-widget-container\">\n\t\t\t\t\t\t\t<p><span style=\"font-weight: 400;\">Nascere in un quartiere come Forcella pu\u00f2 essere difficile e, in alcuni casi, pu\u00f2 essere una strada avviata verso una vita che pu\u00f2 condurre solo al dolore. Lungo questa strada ci sono tante persone, tanti eventi, tanta vita, tutte opportunit\u00e0 che possono permettere di trovare la forza per cambiare direzione e salvarsi da un destino gi\u00e0 segnato. Questa \u00e8 la linea tematica che detta Lo spettacolo \u201cIl Bambino Invisibile\u201d, un monologo che vede come attore protagonista Daniele Vicorito. Il testo scritto da Bruno Barone, che ne guida anche la regia e dallo stesso Vicorito, ripercorre la vita di Carmine, un figlio di Forcella. Rievocando tutti i dolori, le difficolt\u00e0 e gli errori commessi dal ragazzo, mette in luce anche tutto ci\u00f2 che ha contribuito a un cambiamento profondo, l&#8217;amore per i proprie cari, la nascita di un figlio e il legame strettissimo con il cinema che da sempre ha accompagnato la vita del personaggio. Il monologo \u00e8 strutturato come fosse una biografia, scritto su vicende in parte realmente accadute. Partendo da alcune di queste vicende ci si \u00e8 spinti oltre, disegnando un quadro rappresentativo di una condizione sociale diffusa, in cui molti giovani si riconoscono, un messaggio di speranza di un futuro diverso e migliore. Dal punto di vista registico la scena ruota intorno a pochi elementi scenografici: un trabattello, che cambier\u00e0 forma trasformandosi pi\u00f9 volte durante lo spettacolo, dettando i cambi spazio temporali, ed un sacco penzolante dal soffitto che personificher\u00e0, di volta in volta vari personaggi. Stilisticamente il monologo manterr\u00e0 un carattere molto discorsivo e un\u2019impronta realistica. Saranno pochi i momenti di narrazione, mentre la maggior parte delle scene saranno incentrate su momenti di vita reale, i rapporti di Carmine con i suoi cari, le sue indecisioni e insicurezze, i suoi errori e il suo grande amore per il cinema, passione che sar\u00e0 fondamentale nel suo percorso di cambiamento<\/span><\/p>\t\t\t\t<style id=\"core-590c654-core-block-supports-inline-css\"><\/style>\t\t<\/div>\n\t\t\t\t<\/div>\n\t\t\t\t<\/div>\n\t\t\t\t\t\t\t<\/div>\n\t\t","protected":false},"excerpt":{"rendered":"<p>IL BAMBINO INVISIBILE da un\u2019idea di Daniele Vicorito con Daniele Vicorito drammaturgia Bruno Barone e Daniele Vicorito musiche originali Tommaso Maione collaboratore di scena Gennaro Piccirillo luci Antonio Minichini regia Bruno Barone cura artistica e produzione Scuola Elementare del Teatro &#8211; conservatorio popolare per le arti della scena ideato e diretto da Davide Iodice con [&hellip;]<\/p>\n","protected":false},"author":1,"featured_media":3325,"comment_status":"closed","ping_status":"closed","sticky":false,"template":"","format":"standard","meta":{"ngg_post_thumbnail":0,"footnotes":""},"categories":[37,44],"tags":[],"class_list":["post-3323","post","type-post","status-publish","format-standard","has-post-thumbnail","hentry","category-archivio-spettacoli","category-stagione-2023-24"],"blocksy_meta":[],"_links":{"self":[{"href":"https:\/\/www.compagniateatronest.it\/site\/wp-json\/wp\/v2\/posts\/3323","targetHints":{"allow":["GET"]}}],"collection":[{"href":"https:\/\/www.compagniateatronest.it\/site\/wp-json\/wp\/v2\/posts"}],"about":[{"href":"https:\/\/www.compagniateatronest.it\/site\/wp-json\/wp\/v2\/types\/post"}],"author":[{"embeddable":true,"href":"https:\/\/www.compagniateatronest.it\/site\/wp-json\/wp\/v2\/users\/1"}],"replies":[{"embeddable":true,"href":"https:\/\/www.compagniateatronest.it\/site\/wp-json\/wp\/v2\/comments?post=3323"}],"version-history":[{"count":9,"href":"https:\/\/www.compagniateatronest.it\/site\/wp-json\/wp\/v2\/posts\/3323\/revisions"}],"predecessor-version":[{"id":3409,"href":"https:\/\/www.compagniateatronest.it\/site\/wp-json\/wp\/v2\/posts\/3323\/revisions\/3409"}],"wp:featuredmedia":[{"embeddable":true,"href":"https:\/\/www.compagniateatronest.it\/site\/wp-json\/wp\/v2\/media\/3325"}],"wp:attachment":[{"href":"https:\/\/www.compagniateatronest.it\/site\/wp-json\/wp\/v2\/media?parent=3323"}],"wp:term":[{"taxonomy":"category","embeddable":true,"href":"https:\/\/www.compagniateatronest.it\/site\/wp-json\/wp\/v2\/categories?post=3323"},{"taxonomy":"post_tag","embeddable":true,"href":"https:\/\/www.compagniateatronest.it\/site\/wp-json\/wp\/v2\/tags?post=3323"}],"curies":[{"name":"wp","href":"https:\/\/api.w.org\/{rel}","templated":true}]}}